{"id":18922,"date":"2020-05-06T11:16:29","date_gmt":"2020-05-06T09:16:29","guid":{"rendered":"https:\/\/www.asfosanita.it\/?p=18922"},"modified":"2021-04-14T16:05:13","modified_gmt":"2021-04-14T14:05:13","slug":"indicazioni-relative-al-controllo-della-temperatura-corporea-dei-dipendenti-gestione-fase-2-covid-19","status":"publish","type":"post","link":"https:\/\/lazio.fifosanita.it\/?p=18922","title":{"rendered":"INDICAZIONI RELATIVE AL CONTROLLO DELLA TEMPERATURA CORPOREA DEI DIPENDENTI &#8211; GESTIONE FASE 2 &#8211; #COVID-19"},"content":{"rendered":"<p>Gentili Soci,<\/p>\n<p>come \u00e8 noto, Il Governo ha fornito una puntuale regolamentazione delle misure per il contrasto alla diffusione del virus Covid-19 negli ambienti di lavoro, con l&#8217;obiettivo di rimodulare le misure di contenimento adottate sinora e\u00a0dare l&#8217;avvio alla cosiddetta <strong>fase 2<\/strong> che permetter\u00e0 la riapertura graduale delle aziende secondo le indicazioni stabilite nel DPCM del 26 Aprile 2020.<\/p>\n<p>L\u2019Ispettorato nazionale del lavoro, con nota n.149 del 20.04.2020 e su richiesta delle Prefetture, ha fornito, ai direttori degli ispettorati territoriali le modalit\u00e0 di intervento, per le necessarie verifiche circa la ricorrenza delle condizioni previste nella prosecuzione delle attivit\u00e0 produttive, industriali e commerciali.<\/p>\n<p>In particolare, il Protocollo condiviso del 23 Aprile 2020, sulla base del precedente testo del 14 Marzo, detta una regolamentazione delle misure di igiene ed adozione dei dispositivi di protezione individuale, la sorveglianza sanitaria ed anche di gestione degli spazi comuni, dell\u2019organizzazione aziendale, di persone sintomatiche e delle modalit\u00e0 di ingresso in azienda per i lavoratori e soggetti esterni.<\/p>\n<p>Sull\u2019ultimo punto, richiamiamo la Vostra attenzione anche sulle <u>indicazioni relative al controllo\u00a0della\u00a0temperatura corporea\u00a0dei dipendenti<\/u>, che secondo quanto stabilito al punto 2 del suindicato protocollo, devono essere attuate compatibilmente alle disposizioni del Reg.Ue 2016\/679, quindi compatibilmente alla\u00a0 gestione privacy adottata in osservanza alle disposizioni disciplinate dal Regolamento Generale sulla protezione dei dati personali.<\/p>\n<p>Ci\u00f2 si concretizza:<\/p>\n<ul>\n<li>nella formalizzazione degli atti di incarico delle figure preposte alle procedure atte alla gestione degli accessi del personale in azienda;<\/li>\n<li>nella predisposizione delle informative sul trattamento dei dati da esporre\\esibire in occasione delle rilevazioni della temperatura;<\/li>\n<li>negli accorgimenti relativi all\u2019acquisizione del dato di temperatura (ed in generale delle informazioni acquisite presso i lavoratori);<\/li>\n<li>nell\u2019adozione di misure di idonea sicurezza ed in generale di una metodologia rispettosa della riservatezza e della dignit\u00e0 del lavoratore, anche per ci\u00f2 che attiene alla gestione di una persona sintomatica.<\/li>\n<li>Nell\u2019aggiornamento dei Registri delle attivit\u00e0 del Titolare del Trattamento<\/li>\n<\/ul>\n<p>Pertanto, nell\u2019ottemperare alle misure di prevenzione e sicurezza stabilite dal DPCM e dagli allegati documenti e protocolli, considerato anche che le attivit\u00e0 svolte da molte imprese, prestando servizi in settori connessi a quelli della sanit\u00e0, coinvolgono spesso dati personali di natura sensibile (ovvero dati particolari, come definiti dall\u2019art.9 del Reg.Ue 2016\/679) e pertanto sono tenute ad una rigorosa compliance della normativa Europea, si richiede attenzione anche alla questione relativa al trattamento dei dati personali (tale \u00e8 da intendersi infatti, secondo la nota riportata a pagina 6 del Prot. 23.4.2020, la<u> rilevazione del dato di temperatura<\/u>).<\/p>\n<p>A tutte le societ\u00e0 che necessitano di aggiornare ed implementare le procedure di gestione della privacy nonch\u00e9 in generale, per chiunque richieda la necessit\u00e0 di assistenza e consulenza specialistica in materia, segnaliamo la possibilit\u00e0 di contattare i nostri referenti per i servizi alle imprese, all\u2019indirizzo mail:\u00a0 <strong><u><a href=\"mailto:privacy.promoter@confcommercioroma.it\">privacy.promoter@confcommercioroma.it<\/a><\/u><\/strong><span id=\"de964f24\"><br \/>\n<\/span><\/p>\n","protected":false},"excerpt":{"rendered":"<p>Gentili Soci, come \u00e8 noto, Il Governo ha fornito una puntuale regolamentazione delle misure per il contrasto alla diffusione del virus Covid-19 negli ambienti di lavoro, con l&#8217;obiettivo di rimodulare le misure di contenimento adottate sinora e\u00a0dare l&#8217;avvio alla cosiddetta fase 2 che permetter\u00e0 la riapertura graduale delle aziende secondo le indicazioni stabilite nel DPCM [&hellip;]<\/p>\n","protected":false},"author":1,"featured_media":0,"comment_status":"open","ping_status":"open","sticky":false,"template":"","format":"standard","meta":{"_et_pb_use_builder":"","_et_pb_old_content":"","_et_gb_content_width":""},"categories":[19],"tags":[],"acf":[],"_links":{"self":[{"href":"https:\/\/lazio.fifosanita.it\/index.php?rest_route=\/wp\/v2\/posts\/18922"}],"collection":[{"href":"https:\/\/lazio.fifosanita.it\/index.php?rest_route=\/wp\/v2\/posts"}],"about":[{"href":"https:\/\/lazio.fifosanita.it\/index.php?rest_route=\/wp\/v2\/types\/post"}],"author":[{"embeddable":true,"href":"https:\/\/lazio.fifosanita.it\/index.php?rest_route=\/wp\/v2\/users\/1"}],"replies":[{"embeddable":true,"href":"https:\/\/lazio.fifosanita.it\/index.php?rest_route=%2Fwp%2Fv2%2Fcomments&post=18922"}],"version-history":[{"count":1,"href":"https:\/\/lazio.fifosanita.it\/index.php?rest_route=\/wp\/v2\/posts\/18922\/revisions"}],"predecessor-version":[{"id":19694,"href":"https:\/\/lazio.fifosanita.it\/index.php?rest_route=\/wp\/v2\/posts\/18922\/revisions\/19694"}],"wp:attachment":[{"href":"https:\/\/lazio.fifosanita.it\/index.php?rest_route=%2Fwp%2Fv2%2Fmedia&parent=18922"}],"wp:term":[{"taxonomy":"category","embeddable":true,"href":"https:\/\/lazio.fifosanita.it\/index.php?rest_route=%2Fwp%2Fv2%2Fcategories&post=18922"},{"taxonomy":"post_tag","embeddable":true,"href":"https:\/\/lazio.fifosanita.it\/index.php?rest_route=%2Fwp%2Fv2%2Ftags&post=18922"}],"curies":[{"name":"wp","href":"https:\/\/api.w.org\/{rel}","templated":true}]}}