{"id":16989,"date":"2016-12-15T18:10:17","date_gmt":"2016-12-15T17:10:17","guid":{"rendered":"http:\/\/www.asfosanita.it\/?p=16989"},"modified":"2016-12-15T18:10:17","modified_gmt":"2016-12-15T17:10:17","slug":"ripartire-dai-lea","status":"publish","type":"post","link":"https:\/\/lazio.fifosanita.it\/?p=16989","title":{"rendered":"Ripartire dai LEA"},"content":{"rendered":"<h2><strong>Ministro Lorenzin : con il nuovo governo si riparte dai\u00a0LEA<\/strong><\/h2>\n<p>&nbsp;<\/p>\n<p>All\u2019indomani del giuramento del nuovo governo la priorit\u00e0 \u00e8 \u201capprovare i <strong>LEA<\/strong>, che sono in Commissione dove sar\u00f2 presente gi\u00f9 domani&#8221;. Il Ministro della Salute, <strong>Beatrice Lorenzin<\/strong> &#8211; una delle riconfermate nel passaggio dal governo <strong>Renzi<\/strong> a quello <strong>Gentiloni <\/strong>&#8211; ricorda che i nuovi <strong>LEA<\/strong>&#8211;\u00a0<strong>Livelli Essenziali di Assistenza<\/strong> &#8220;godranno di circa 800 milioni di euro&#8221; di fondi strutturali, misure &#8220;che arrivano soprattutto a cittadini con situazioni problematiche e con disagio sociale in quelle Regioni dove lo spartiacque \u00e8 pi\u00f9 ampio soprattutto nel sistema sanitario&#8221;. &#8220;Poi &#8211; prosegue il Ministro- rendere vive le norme approvate in Bilancio in questa legge di Stabilit\u00e0 che concludono il percorso del Patto della\u00a0<strong>Salute<\/strong>&#8220;. Alle nuove prestazioni previste nei Lea, ricorda il Ministro, &#8220;si aggiungono gli obiettivi inseriti nella Legge di Bilancio sul sistema sanitario&#8221;. Poi c&#8217;\u00e8 il tema delle professioni sanitarie gi\u00e0 avviato &#8220;sia il rinnovo dei contratti sia lo sblocco del turn over, e i precari che diventano sempre pi\u00f9 emergenza, specialmente nel Centro-Sud Italia, e tutta le questione legata anche alla qualificazione del personale . Mio desiderio \u00e8 portare a compimento il Patto della\u00a0<strong>Salute<\/strong>\u00a0nell&#8217;articolo 22 relativo alle professioni sanitarie&#8221;. Il decreto Lorenzin, poi, \u00e8 alle battute finali: riguarda la riorganizzazione degli Ordini professionali e del sistema veterinario, e infine il voto finale sul disegno di legge relativo alla responsabilit\u00e0 medica. &#8220;Tutte queste cose &#8211; secondo la Lorenzin &#8211; disegnano un nuovo percorso per la sanit\u00e0 che potr\u00e0, nei prossimi anni, munirsi di nuovi strumenti operativi e modelli organizzativi per affrontare le grandi sfide che abbiamo davanti&#8221;.<\/p>\n<p>Lo stop dovuto alle dimissioni di Renzi ha costretto ad una riflessione. Si poteva fare meglio?&#8221; E\u2019 la domanda che mi pongo tutti i giorni &#8211; confessa la Lorenzin &#8211; quando fai il Ministro quello che conta \u00e8 quello che riesci a fare. Il difficile \u00e8 riuscire a fare il massimo possibile con gli strumenti di cui disponi&#8221;. E\u2019 ottimista, la Lorenzin, sul tempo a disposizione per realizzare il percorso tracciato: &#8220;Quelle descritte sono cose gi\u00e0 avviate, quindi quello che dobbiamo fare ora \u00e8 accompagnare la grande spinta riformatrice di questi anni ed essere sicuri che arrivi nei territori. Ovviamente \u00e8 fondamentale la collaborazione della Conferenza Stato Regioni e che gli obiettivi siano unitari in tutto il Paese e condivisi dalle Regioni&#8221;.<\/p>\n","protected":false},"excerpt":{"rendered":"<p>Ministro Lorenzin : con il nuovo governo si riparte dai\u00a0LEA &nbsp; All\u2019indomani del giuramento del nuovo governo la priorit\u00e0 \u00e8 \u201capprovare i LEA, che sono in Commissione dove sar\u00f2 presente gi\u00f9 domani&#8221;. Il Ministro della Salute, Beatrice Lorenzin &#8211; una delle riconfermate nel passaggio dal governo Renzi a quello Gentiloni &#8211; ricorda che i nuovi [&hellip;]<\/p>\n","protected":false},"author":1,"featured_media":16993,"comment_status":"open","ping_status":"open","sticky":false,"template":"","format":"standard","meta":{"_et_pb_use_builder":"","_et_pb_old_content":"","_et_gb_content_width":""},"categories":[13],"tags":[],"acf":[],"_links":{"self":[{"href":"https:\/\/lazio.fifosanita.it\/index.php?rest_route=\/wp\/v2\/posts\/16989"}],"collection":[{"href":"https:\/\/lazio.fifosanita.it\/index.php?rest_route=\/wp\/v2\/posts"}],"about":[{"href":"https:\/\/lazio.fifosanita.it\/index.php?rest_route=\/wp\/v2\/types\/post"}],"author":[{"embeddable":true,"href":"https:\/\/lazio.fifosanita.it\/index.php?rest_route=\/wp\/v2\/users\/1"}],"replies":[{"embeddable":true,"href":"https:\/\/lazio.fifosanita.it\/index.php?rest_route=%2Fwp%2Fv2%2Fcomments&post=16989"}],"version-history":[{"count":0,"href":"https:\/\/lazio.fifosanita.it\/index.php?rest_route=\/wp\/v2\/posts\/16989\/revisions"}],"wp:featuredmedia":[{"embeddable":true,"href":"https:\/\/lazio.fifosanita.it\/index.php?rest_route=\/wp\/v2\/media\/16993"}],"wp:attachment":[{"href":"https:\/\/lazio.fifosanita.it\/index.php?rest_route=%2Fwp%2Fv2%2Fmedia&parent=16989"}],"wp:term":[{"taxonomy":"category","embeddable":true,"href":"https:\/\/lazio.fifosanita.it\/index.php?rest_route=%2Fwp%2Fv2%2Fcategories&post=16989"},{"taxonomy":"post_tag","embeddable":true,"href":"https:\/\/lazio.fifosanita.it\/index.php?rest_route=%2Fwp%2Fv2%2Ftags&post=16989"}],"curies":[{"name":"wp","href":"https:\/\/api.w.org\/{rel}","templated":true}]}}