{"id":16657,"date":"2016-11-17T11:49:35","date_gmt":"2016-11-17T10:49:35","guid":{"rendered":"http:\/\/www.asfosanita.it\/?p=16657"},"modified":"2016-11-17T11:49:35","modified_gmt":"2016-11-17T10:49:35","slug":"16657-2","status":"publish","type":"post","link":"https:\/\/lazio.fifosanita.it\/?p=16657","title":{"rendered":"Accordo territoriale"},"content":{"rendered":"<p><img src=\"https:\/\/ci4.googleusercontent.com\/proxy\/ezLrhuGRJG8KFJ1nNCmqX6ZMRMk3QiR45OZr4McVYPideKU9cseKBQYwel-0SjQbc-cXr7yqS0dyQ6o8-XtuGu4i5839JMPw9vU5ShEY8d_dIQ=s0-d-e1-ft#http:\/\/img.musvc1.net\/static\/42414\/images\/2\/Head_PREMIUM.png\" alt=\"Confcommercio Roma PREMIUM\" \/><\/p>\n<table width=\"100%\" cellspacing=\"0\" cellpadding=\"0\">\n<tbody>\n<tr>\n<td>\n<div>\n<div>\n<p><strong>DETASSAZIONE: CONFCOMMERCIO ROMA E SINDACATI SIGLANO ACCORDO TERRITORIALE<\/strong><\/p>\n<p>&nbsp;<\/p>\n<p>Il 14 novembre 2016 Confcommercio Roma insieme a Filcams CGIL Roma e Lazio, Fisascat CISL Roma e Lazio e Uiltucs,\u00a0ha\u00a0sottoscritto l&#8217;Accordo Territoriale per Roma e Provincia in materia di detassazione delle voci salariali collegate alla\u00a0produttivit\u00e0, qualit\u00e0, redditivit\u00e0, innovazione ed efficienza organizzativa, in relazione a risultati riferibili all&#8217;andamento economico o agli utili dell&#8217;impresa o ad ogni altro elemento rilevante ai fini del miglioramento della competitivit\u00e0 aziendale.<\/p>\n<p>Per saperne di pi\u00f9, contatta i numeri 06 68437333\/334\/ 290\/328 oppure scrivi a <a title=\"sindacale@confcommercioroma.it\" href=\"http:\/\/customer42414.musvc1.net\/e\/t?q=0%3dRWHXR%26G%3dF%26K%3dWbM%26L%3dWaJa%26I%3dHo8y6oF0O3_Ooxd_ZyNwK26q800_6xqu_Hg1J2C1J1J3MqFCM3Jy.D8%26A%3dAP7S1V.2BH\" target=\"_blank\" rel=\"noopener nofollow\">sindacale@confcommercioroma.it<\/a><\/p>\n<p>Di seguito i documenti scaricabili.<\/p>\n<\/div>\n<\/div>\n<\/td>\n<\/tr>\n<\/tbody>\n<\/table>\n<table border=\"0\" width=\"100%\" cellspacing=\"0\" cellpadding=\"0\" align=\"center\">\n<tbody>\n<tr>\n<td style=\"text-align: left\" align=\"center\"><\/p>\n<p>&nbsp;<\/p>\n\n<p>&nbsp;<\/p>\n<p><\/td>\n<\/tr>\n<\/tbody>\n<\/table>\n","protected":false},"excerpt":{"rendered":"<p>DETASSAZIONE: CONFCOMMERCIO ROMA E SINDACATI SIGLANO ACCORDO TERRITORIALE &nbsp; Il 14 novembre 2016 Confcommercio Roma insieme a Filcams CGIL Roma e Lazio, Fisascat CISL Roma e Lazio e Uiltucs,\u00a0ha\u00a0sottoscritto l&#8217;Accordo Territoriale per Roma e Provincia in materia di detassazione delle voci salariali collegate alla\u00a0produttivit\u00e0, qualit\u00e0, redditivit\u00e0, innovazione ed efficienza organizzativa, in relazione a risultati riferibili [&hellip;]<\/p>\n","protected":false},"author":1,"featured_media":16721,"comment_status":"open","ping_status":"open","sticky":false,"template":"","format":"standard","meta":{"_et_pb_use_builder":"","_et_pb_old_content":"","_et_gb_content_width":""},"categories":[14],"tags":[],"acf":[],"_links":{"self":[{"href":"https:\/\/lazio.fifosanita.it\/index.php?rest_route=\/wp\/v2\/posts\/16657"}],"collection":[{"href":"https:\/\/lazio.fifosanita.it\/index.php?rest_route=\/wp\/v2\/posts"}],"about":[{"href":"https:\/\/lazio.fifosanita.it\/index.php?rest_route=\/wp\/v2\/types\/post"}],"author":[{"embeddable":true,"href":"https:\/\/lazio.fifosanita.it\/index.php?rest_route=\/wp\/v2\/users\/1"}],"replies":[{"embeddable":true,"href":"https:\/\/lazio.fifosanita.it\/index.php?rest_route=%2Fwp%2Fv2%2Fcomments&post=16657"}],"version-history":[{"count":0,"href":"https:\/\/lazio.fifosanita.it\/index.php?rest_route=\/wp\/v2\/posts\/16657\/revisions"}],"wp:featuredmedia":[{"embeddable":true,"href":"https:\/\/lazio.fifosanita.it\/index.php?rest_route=\/wp\/v2\/media\/16721"}],"wp:attachment":[{"href":"https:\/\/lazio.fifosanita.it\/index.php?rest_route=%2Fwp%2Fv2%2Fmedia&parent=16657"}],"wp:term":[{"taxonomy":"category","embeddable":true,"href":"https:\/\/lazio.fifosanita.it\/index.php?rest_route=%2Fwp%2Fv2%2Fcategories&post=16657"},{"taxonomy":"post_tag","embeddable":true,"href":"https:\/\/lazio.fifosanita.it\/index.php?rest_route=%2Fwp%2Fv2%2Ftags&post=16657"}],"curies":[{"name":"wp","href":"https:\/\/api.w.org\/{rel}","templated":true}]}}