{"id":16537,"date":"2016-11-10T17:50:27","date_gmt":"2016-11-10T16:50:27","guid":{"rendered":"http:\/\/www.asfosanita.it\/?p=16537"},"modified":"2016-11-10T17:50:27","modified_gmt":"2016-11-10T16:50:27","slug":"innovazione-crescita-salute-leuropa-non-ostacoli-la-legge-stabilita","status":"publish","type":"post","link":"https:\/\/lazio.fifosanita.it\/?p=16537","title":{"rendered":"Innovazione, crescita e salute: l\u2019Europa non ostacoli la legge di stabilit\u00e0"},"content":{"rendered":"<h2>Alessandro Occhiodoro , Consigliere d\u2019Amministrazione di As.F.O. Sanit\u00e0: &#8220;Una <strong>legge di\u00a0stabilit\u00e0<\/strong> che ci sembra essere orientata alla crescita e all&#8217;innovazione&#8230; ora l&#8217;Europa riconosca la necessaria flessibilit\u00e0 affinch\u00e9 produca i suoi effetti&#8221;.<\/h2>\n<p>Di seguito la dichiarazione completa di <strong>Alessandro Occhiodoro<\/strong>,\u00a0Consigliere d\u2019Amministrazione di As.F.O. Sanit\u00e0, sulla\u00a0legge di stabilit\u00e0 e sul ruolo dell&#8217;UE.<\/p>\n<p>La manovra economica 2017, varata dal <strong>Governo Renzi,<\/strong> presenta indubbi elementi positivi che vanno salutati con soddisfazione e, soprattutto, valorizzati e difesi nel lungo percorso appena iniziato con il vaglio dell\u2019<strong>UE<\/strong> e con la discussione parlamentare che seguir\u00e0. Una <strong>legge di<\/strong>\u00a0<strong>stabilit\u00e0<\/strong> che ci sembra essere orientata alla crescita e all&#8217;innovazione. Per questo \u00e8 quanto mai auspicabile che l&#8217;Europa riconosca la necessaria flessibilit\u00e0 perch\u00e9 essa vada in porto e produca gli effetti previsti.<\/p>\n<p>In questa manovra, infatti, il tema del miglioramento del sistema sanitario e, dunque, della salute dei cittadini, viene affrontato concretamente tanto che il <strong>Ministro della Salute, Beatrice Lorenzin<\/strong>, ha potuto annunciare, con giustificata soddisfazione, che il <strong>fondo sanitario nazionale<\/strong>, non solo non viene ridotto, cosa non affatto scontata visti i tempi, ma incrementato di 2 miliardi di euro (arrivando a 113 miliardi) nel 2017 e di un altro miliardo nel 2018. Cos\u00ec, dal 2013 al 2018, il finanziamento del fondo cresce di 7 miliardi, passando dai 107 a 114.<\/p>\n<p>Ma gli aspetti positivi della manovra sono riscontrabili anche nelle misure fiscali che iniziano, seppur lentamente, a rispondere all\u2019esigenza di una politica distensiva in tema di pressione fiscale e di sostegno alle imprese, come richiesto e auspicato da tempo dall\u2019intero sistema produttivo italiano. Si \u00e8, infatti, scongiurato l\u2019aumento dell\u2019<strong>IVA <\/strong>che avrebbe rappresentato un ulteriore duro colpo per l\u2019economia reale. Il fondo centrale di garanzia per le <strong>PMI<\/strong> viene finanziato ancora di 1 miliardo. L\u2019<strong>IRES<\/strong> scende dal 27,5 al 24%\u00a0 e viene introdotta l\u2019<strong>IRI<\/strong>, la tassa sul reddito degli imprenditori, anch\u2019essa al 24%, una sorta di flat tax per imprese individuali e societ\u00e0 di persone che reinvestono gli utili.<\/p>\n<p>Quello che ci attendiamo ora \u00e8 che, nel corso dell\u2019iter, la manovra non subisca correzioni peggiorative. Poi, come gi\u00e0 annunciato dallo stesso Governo per il 2018, sar\u00e0 necessario un percorso graduale ma certo e generalizzato di riduzione delle <strong>aliquote fiscali<\/strong>, unica misura che rimetterebbe in moto l\u2019economia e che renderebbe possibile la tanto auspicata ripresa della crescita.<\/p>\n<p>&nbsp;<\/p>\n","protected":false},"excerpt":{"rendered":"<p>Alessandro Occhiodoro , Consigliere d\u2019Amministrazione di As.F.O. Sanit\u00e0: &#8220;Una legge di\u00a0stabilit\u00e0 che ci sembra essere orientata alla crescita e all&#8217;innovazione&#8230; ora l&#8217;Europa riconosca la necessaria flessibilit\u00e0 affinch\u00e9 produca i suoi effetti&#8221;. Di seguito la dichiarazione completa di Alessandro Occhiodoro,\u00a0Consigliere d\u2019Amministrazione di As.F.O. Sanit\u00e0, sulla\u00a0legge di stabilit\u00e0 e sul ruolo dell&#8217;UE. La manovra economica 2017, varata [&hellip;]<\/p>\n","protected":false},"author":1,"featured_media":16541,"comment_status":"open","ping_status":"open","sticky":false,"template":"","format":"standard","meta":{"_et_pb_use_builder":"","_et_pb_old_content":"","_et_gb_content_width":""},"categories":[16],"tags":[],"acf":[],"_links":{"self":[{"href":"https:\/\/lazio.fifosanita.it\/index.php?rest_route=\/wp\/v2\/posts\/16537"}],"collection":[{"href":"https:\/\/lazio.fifosanita.it\/index.php?rest_route=\/wp\/v2\/posts"}],"about":[{"href":"https:\/\/lazio.fifosanita.it\/index.php?rest_route=\/wp\/v2\/types\/post"}],"author":[{"embeddable":true,"href":"https:\/\/lazio.fifosanita.it\/index.php?rest_route=\/wp\/v2\/users\/1"}],"replies":[{"embeddable":true,"href":"https:\/\/lazio.fifosanita.it\/index.php?rest_route=%2Fwp%2Fv2%2Fcomments&post=16537"}],"version-history":[{"count":0,"href":"https:\/\/lazio.fifosanita.it\/index.php?rest_route=\/wp\/v2\/posts\/16537\/revisions"}],"wp:featuredmedia":[{"embeddable":true,"href":"https:\/\/lazio.fifosanita.it\/index.php?rest_route=\/wp\/v2\/media\/16541"}],"wp:attachment":[{"href":"https:\/\/lazio.fifosanita.it\/index.php?rest_route=%2Fwp%2Fv2%2Fmedia&parent=16537"}],"wp:term":[{"taxonomy":"category","embeddable":true,"href":"https:\/\/lazio.fifosanita.it\/index.php?rest_route=%2Fwp%2Fv2%2Fcategories&post=16537"},{"taxonomy":"post_tag","embeddable":true,"href":"https:\/\/lazio.fifosanita.it\/index.php?rest_route=%2Fwp%2Fv2%2Ftags&post=16537"}],"curies":[{"name":"wp","href":"https:\/\/api.w.org\/{rel}","templated":true}]}}