{"id":15977,"date":"2016-10-25T19:09:18","date_gmt":"2016-10-25T17:09:18","guid":{"rendered":"http:\/\/www.asfosanita.it\/?p=15977"},"modified":"2016-10-25T19:09:18","modified_gmt":"2016-10-25T17:09:18","slug":"convegno-nazionale-asfo-sanita-innovazione-e-qualita-una-sfida-che-si-puo-vincere","status":"publish","type":"post","link":"https:\/\/lazio.fifosanita.it\/?p=15977","title":{"rendered":"Convegno nazionale As.F.O. Sanit\u00e0, Innovazione e qualit\u00e0: una sfida che si pu\u00f2 vincere"},"content":{"rendered":"<h2 style=\"text-align: justify\"><strong><em>Convegno nazionale di As.F.O. Sanit\u00e0, si \u00e8 parlato del sistema sanitario nazionale e delle sue prospettive ed opportunit\u00e0.<\/em><\/strong><\/h2>\n<p style=\"text-align: justify\">Si \u00e8 tenuto ieri a Roma il <strong>convegno nazionale<\/strong> su innovazione e qualit\u00e0 nel sistema sanitario nazionale organizzato da As.F.O. Sanit\u00e0, l\u2019Associazione di Confcommercio che raccoglie Piccole e Medie Imprese fornitrici di beni e servizi al sistema pubblico sanitario.<\/p>\n<p style=\"text-align: justify\">Nei saluti iniziali, il <strong><em>Vice Presidente di Confcommercio<\/em>, <em>Renato Borghi<\/em><\/strong>, ha sottolineato l\u2019importanza che riveste l\u2019intera categoria per Confcommercio la quale ha sostenuto, e continuer\u00e0 a sostenere in futuro, le imprese che operano con fatica in una crisi economica senza precedenti e in un cambio epocale caratterizzato dalla \u201cdittatura del digitale\u201d. Per Borghi \u201cinnovazione e qualit\u00e0, sia nei prodotti che nei servizi, sono caratteristiche vitali dalle quali non si pu\u00f2 prescindere\u201d.<\/p>\n<p style=\"text-align: justify\"><strong><em>Claudio Tagnin, Public Administration di Engie Italia<\/em><\/strong>, \u00e8 intervenuto su partnership pubblica e privata mettendo in luce gli aspetti positivi della recente approvazione del Codice degli appalti che rende possibili, grazie anche alla procedura del \u201cdialogo competitivo\u201d, investimenti privati nella costruzione di nuovi ospedali pubblici o nell\u2019adeguamento di quelli esistenti.<\/p>\n<p style=\"text-align: justify\">Gli effetti concreti delle riforma costituzionale, anche in ambito sanitario, sono stati, invece, descritti da <strong><em>Enrico Michetti della Gazzetta Amministrativa della Repubblica Italiana<\/em><\/strong>. Michetti, oltre a insistere sulla necessit\u00e0 della semplificazione normativa, ha parlato della sfida del digitale come sfida epocale da fare propria, da parte delle imprese, in una logica che, superando il luogo comune della \u201ccorruzione ovunque\u201d, anche grazie alla possibilit\u00e0 dell\u2019affidamento diretto, possa produrre investimenti, ricerca e innovazione.<\/p>\n<p style=\"text-align: justify\">I lavori, coordinati dal giornalista, Paolo di Lorenzo, si sono conclusi con l\u2019intervento del <strong><em>Ministro della Salute, On. Beatrice Lorenzin<\/em><\/strong>, la quale facendo un bilancio dei tre anni alla guida del Ministero, nei quali \u00e8 riuscita a ricondurre la titolarit\u00e0 della politica sanitaria al suo Ministero sottraendolo a MEF, ha rivendicato con orgoglio la reputazione che l\u2019Italia gode all\u2019estero e quanto sia all\u2019avanguardia l\u2019impresa italiana nella produzione e offerta di <em>farma<\/em> e <em>device<\/em>. Per il Ministro, ricerca, tecnologia e produzione aprono sfide inedite con risorse, purtroppo, sempre limitate (anche se la Legge di Stabilit\u00e0, appena presentata, attribuisce due miliardi in pi\u00f9 proprio alla sanit\u00e0). L\u2019imponenza della rivoluzione digitale, secondo Lorenzin, rende ancora pi\u00f9 evidente quanto sia impossibile operare con venti diverse legislazioni, quante sono le Regioni, per un sistema che deve essere universalistico e deve garantire l\u2019uguaglianza dei trattamenti, rende, necessario ed urgente un sistema unico e centrale. Grazie alla riforma costituzionale, che avr\u00e0 un grande e positivo impatto economico, si realizzer\u00e0 proprio quella unicit\u00e0 grazie ad una chiara ridefinizione delle competenze tra Stato e Regioni, con lo Stato che decide e dispone e le Regioni organizzano.<\/p>\n<p style=\"text-align: justify\"><strong><em>Massimo Riem, Presidente di As.F.O. Sanit\u00e0<\/em><\/strong>, che ha introdotto e presentato il convegno, raccogliendo le preoccupazioni dei presenti e dell\u2019intera categoria ha chiesto, ottenendo ampie rassicurazioni dal Ministro, molta attenzione alla \u201ccentrale unica degli acquisti\u201d che, se \u00e8 necessaria per ridurre i costi, deve per\u00f2 garantire soprattutto la qualit\u00e0 e la possibilit\u00e0 alle PMI di partecipare ai bandi mettendo al servizio della collettivit\u00e0 e del sistema sanitario il proprio patrimonio di esperienza e competenza accumulato negli anni, proprio grazie alle proprie dimensioni contenute che puntano all\u2019eccellenza del fare impresa.<\/p>\n<p style=\"text-align: justify\">Per il <strong><em>Consigliere d\u2019Amministrazione di As.F.O. Sanit\u00e0, Andrea Bonura<\/em><\/strong>, \u201cla riuscita del convegno dimostra quanto, per la nostra associazione, sia di vitale importanza il confronto diretto tra gli associati e tra questi e le istituzioni. Soltanto attraverso il continuo e reciproco ascolto, si possono, infatti, individuare soluzioni che rendano possibile alla Piccola e Media Impresa l\u2019uscita dalla crisi economica garantendo, contemporaneamente, migliaia di posti di lavoro. La sfida della rivoluzione tecnologica in corso e quella per l\u2019accrescimento della qualit\u00e0 dei beni e servizi offerti si vince soltanto facendo squadra. Questa \u00e8\u00a0 stata soltanto una prima, importante occasione di confronto. Altre, e anche su altri temi, ne seguiranno.\u201d<\/p>\n","protected":false},"excerpt":{"rendered":"<p>Convegno nazionale di As.F.O. Sanit\u00e0, si \u00e8 parlato del sistema sanitario nazionale e delle sue prospettive ed opportunit\u00e0. Si \u00e8 tenuto ieri a Roma il convegno nazionale su innovazione e qualit\u00e0 nel sistema sanitario nazionale organizzato da As.F.O. Sanit\u00e0, l\u2019Associazione di Confcommercio che raccoglie Piccole e Medie Imprese fornitrici di beni e servizi al sistema [&hellip;]<\/p>\n","protected":false},"author":1,"featured_media":16033,"comment_status":"open","ping_status":"open","sticky":false,"template":"","format":"standard","meta":{"_et_pb_use_builder":"","_et_pb_old_content":"","_et_gb_content_width":""},"categories":[16],"tags":[],"acf":[],"_links":{"self":[{"href":"https:\/\/lazio.fifosanita.it\/index.php?rest_route=\/wp\/v2\/posts\/15977"}],"collection":[{"href":"https:\/\/lazio.fifosanita.it\/index.php?rest_route=\/wp\/v2\/posts"}],"about":[{"href":"https:\/\/lazio.fifosanita.it\/index.php?rest_route=\/wp\/v2\/types\/post"}],"author":[{"embeddable":true,"href":"https:\/\/lazio.fifosanita.it\/index.php?rest_route=\/wp\/v2\/users\/1"}],"replies":[{"embeddable":true,"href":"https:\/\/lazio.fifosanita.it\/index.php?rest_route=%2Fwp%2Fv2%2Fcomments&post=15977"}],"version-history":[{"count":0,"href":"https:\/\/lazio.fifosanita.it\/index.php?rest_route=\/wp\/v2\/posts\/15977\/revisions"}],"wp:featuredmedia":[{"embeddable":true,"href":"https:\/\/lazio.fifosanita.it\/index.php?rest_route=\/wp\/v2\/media\/16033"}],"wp:attachment":[{"href":"https:\/\/lazio.fifosanita.it\/index.php?rest_route=%2Fwp%2Fv2%2Fmedia&parent=15977"}],"wp:term":[{"taxonomy":"category","embeddable":true,"href":"https:\/\/lazio.fifosanita.it\/index.php?rest_route=%2Fwp%2Fv2%2Fcategories&post=15977"},{"taxonomy":"post_tag","embeddable":true,"href":"https:\/\/lazio.fifosanita.it\/index.php?rest_route=%2Fwp%2Fv2%2Ftags&post=15977"}],"curies":[{"name":"wp","href":"https:\/\/api.w.org\/{rel}","templated":true}]}}