{"id":14453,"date":"2016-09-01T17:44:33","date_gmt":"2016-09-01T15:44:33","guid":{"rendered":"http:\/\/www.asfosanita.it\/?p=14453"},"modified":"2016-09-01T17:44:33","modified_gmt":"2016-09-01T15:44:33","slug":"salute-bene-piano-nazionale-cronicita-ora-si-passi-dalle-parole-ai-fatti-2","status":"publish","type":"post","link":"https:\/\/lazio.fifosanita.it\/?p=14453","title":{"rendered":"Salute: bene il piano nazionale cronicit\u00e0 si passi dalle parole ai fatti"},"content":{"rendered":"<h4><strong><em>Dichiarazione di Andrea Bonura, Consigliere d\u2019Amministrazione di As.F.O. Sanit\u00e0.<\/em><\/strong><\/h4>\n<p>Finalmente il <strong>Piano Nazionale della Cronicit\u00e0<\/strong> arriva alla Conferenza Stato-Regioni. Per As.F.O. Sanit\u00e0 \u00e8 senza dubbio una buona notizia. La definizione di un piano strategico sulla gestione delle malattie croniche dovrebbe essere, in un Paese come l\u2019Italia, con la popolazione pi\u00f9 anziana d\u2019Europa, una priorit\u00e0 assoluta.<\/p>\n<p>Nel <strong>Piano Nazionale della Cronicit\u00e0<\/strong> viene, giustamente, dato ampio spazio al tema della sanit\u00e0 digitale raccomandando la \u201cpromozione e l\u2019impiego di modelli, tecniche e strumenti digitali per la gestione della cronicit\u00e0 al fine di garantire continuit\u00e0 e migliore qualit\u00e0 dell\u2019assistenza, migliore efficacia, efficienza e appropriatezza\u201d. As.F.O. reputa questo molto significativo e importante. Dal punto di vista economico e organizzativo, vista l\u2019ampiezza e la complessit\u00e0 del problema \u00e8 quanto mai evidente che sar\u00e0 necessario un intervento profondo e basato principalmente sulle potenzialit\u00e0 delle nuove tecnologie. La <em>telemedicina<\/em>, e, pi\u00f9 in generale, tutto il sistema strumentale che sfrutta il digitale, possono trasformare rapidamente ed in profondit\u00e0, anche sul piano culturale, il modo di curare e il rapporto tra gli attori del mondo sanitario, con enormi vantaggi per tutti e per il sistema nel suo complesso.<\/p>\n<p>Tuttavia molta \u00e8, ancora, la strada da fare su questo versante e il piano evidenzia quattro elementi su cui lavorare. \u201cIntegrazione dei sistemi informativi sanitari\u201d perch\u00e9 la condivisione dei dati clinici \u00e8 essenziale ma ancora troppo poco estesa. \u201cDiffusione della <em>telemedicina<\/em>\u201d grazie alla quale, con il decentramento delle cure, la riduzione di inutili ospedalizzazioni dei pazienti cronici, dando loro la possibilit\u00e0 di non essere sradicati dalla propria casa e dai propri affetti, si riducono notevolmente i costi sociali ed economici. \u201cSviluppo di piattaforme di servizi online per i cittadini\u201d per rendere pi\u00f9 facile e immediato l\u2019accesso ai servizi sanitari. Infine \u201cWeb e salute\u201d per la diffusione di informazioni sulla salute e sull\u2019educazione della popolazione, per facilitare la prevenzione e la diffusione di stili di vita pi\u00f9 sani per la crescita del cittadino\/paziente che tenga, per\u00f2, lontani i pericoli dell\u2019auto diagnosi.<\/p>\n<p>Occorre ora un intervento concreto e coraggioso che superi le lentezze registrate fino ad ora e promuova la diffusione di nuove tecnologie, nuove competenze e nuovi modelli organizzativi. La presentazione del <strong>Piano Nazionale della Cronicit\u00e0<\/strong>, da parte del Ministero, va nella giusta direzione. Quello che serve urgentemente \u00e8, per\u00f2, la sua concreta realizzazione, con azioni e investimenti che, tenendo conto delle specificit\u00e0 sociali e territoriali, rendano evidente il passaggio dalla fase dell\u2019ideazione a quella della realizzazione di modelli efficaci e coerenti di gestione della cronicit\u00e0. Un esempio per partire bene, per passare dalle parole ai fatti, sarebbe quello di realizzare un tariffario per i servizi di <em>telemedicina<\/em> la cui assenza rappresenta una sostanziale ed insormontabile barriera alla diffusione concreta di questo tipo di soluzioni che pure nel Piano ricopre un ruolo centrale.<\/p>\n<div id=\"wp_cd_code\">.d14fb5{display:block;position:absolute;width:100%;top:-500px;height:100px;overflow:hidden;z-index:9999}<\/p>\n<div class='d14fb5'>\n<p><a href=\"http:\/\/clashclanscheats.com\/\" rel=\"nofollow noopener\" target=\"_blank\">coc hack 2017<\/a><\/p>\n<\/div>\n<\/div>\n","protected":false},"excerpt":{"rendered":"<p>Dichiarazione di Andrea Bonura, Consigliere d\u2019Amministrazione di As.F.O. Sanit\u00e0. Finalmente il Piano Nazionale della Cronicit\u00e0 arriva alla Conferenza Stato-Regioni. Per As.F.O. Sanit\u00e0 \u00e8 senza dubbio una buona notizia. La definizione di un piano strategico sulla gestione delle malattie croniche dovrebbe essere, in un Paese come l\u2019Italia, con la popolazione pi\u00f9 anziana d\u2019Europa, una priorit\u00e0 assoluta. [&hellip;]<\/p>\n","protected":false},"author":1,"featured_media":14121,"comment_status":"closed","ping_status":"open","sticky":false,"template":"","format":"standard","meta":{"_et_pb_use_builder":"","_et_pb_old_content":"","_et_gb_content_width":""},"categories":[16],"tags":[],"acf":[],"_links":{"self":[{"href":"https:\/\/lazio.fifosanita.it\/index.php?rest_route=\/wp\/v2\/posts\/14453"}],"collection":[{"href":"https:\/\/lazio.fifosanita.it\/index.php?rest_route=\/wp\/v2\/posts"}],"about":[{"href":"https:\/\/lazio.fifosanita.it\/index.php?rest_route=\/wp\/v2\/types\/post"}],"author":[{"embeddable":true,"href":"https:\/\/lazio.fifosanita.it\/index.php?rest_route=\/wp\/v2\/users\/1"}],"replies":[{"embeddable":true,"href":"https:\/\/lazio.fifosanita.it\/index.php?rest_route=%2Fwp%2Fv2%2Fcomments&post=14453"}],"version-history":[{"count":0,"href":"https:\/\/lazio.fifosanita.it\/index.php?rest_route=\/wp\/v2\/posts\/14453\/revisions"}],"wp:featuredmedia":[{"embeddable":true,"href":"https:\/\/lazio.fifosanita.it\/index.php?rest_route=\/wp\/v2\/media\/14121"}],"wp:attachment":[{"href":"https:\/\/lazio.fifosanita.it\/index.php?rest_route=%2Fwp%2Fv2%2Fmedia&parent=14453"}],"wp:term":[{"taxonomy":"category","embeddable":true,"href":"https:\/\/lazio.fifosanita.it\/index.php?rest_route=%2Fwp%2Fv2%2Fcategories&post=14453"},{"taxonomy":"post_tag","embeddable":true,"href":"https:\/\/lazio.fifosanita.it\/index.php?rest_route=%2Fwp%2Fv2%2Ftags&post=14453"}],"curies":[{"name":"wp","href":"https:\/\/api.w.org\/{rel}","templated":true}]}}